{"id":2882,"date":"2025-12-20T21:35:29","date_gmt":"2025-12-20T21:35:29","guid":{"rendered":"https:\/\/inspiringcanadians.com\/?p=2882"},"modified":"2025-12-20T22:37:55","modified_gmt":"2025-12-20T22:37:55","slug":"canada-quality-of-life-and-well-being-indicators-1990-2024","status":"publish","type":"post","link":"https:\/\/inspiringcanadians.com\/fr\/2025\/12\/20\/canada-quality-of-life-and-well-being-indicators-1990-2024\/","title":{"rendered":"Indicateurs de la qualit\u00e9 de vie et du bien-\u00eatre au Canada (1990-2024)"},"content":{"rendered":"<p style=\"text-align: center;\"><iframe loading=\"lazy\" title=\"Lecteur vid\u00e9o YouTube\" src=\"https:\/\/www.youtube.com\/embed\/SnxEnxqtmgQ?si=HP1cYJPEQY_tcDhB\" width=\"560\" height=\"315\" frameborder=\"0\" allowfullscreen=\"allowfullscreen\"><span data-mce-type=\"bookmark\" style=\"display: inline-block; width: 0px; overflow: hidden; line-height: 0;\" class=\"mce_SELRES_start\"><\/span><\/iframe><\/p>\n<p>&nbsp;<\/p>\n<p>Des recherches r\u00e9centes indiquent que\u00a0<strong>La satisfaction g\u00e9n\u00e9rale et le bien-\u00eatre au Canada ont diminu\u00e9.<\/strong>\u00a0de mani\u00e8re significative depuis 2013, une tendance exacerb\u00e9e par la pand\u00e9mie de COVID-19 et la hausse du co\u00fbt de la vie. Des \u00e9tudes montrent que\u00a0<strong>L&#039;ins\u00e9curit\u00e9 \u00e9conomique est profond\u00e9ment li\u00e9e \u00e0 l&#039;isolement social.<\/strong>, Les personnes \u00e0 faibles revenus font \u00e9tat de r\u00e9seaux de soutien moins \u00e9tendus et d&#039;un sentiment d&#039;appartenance communautaire amoindri. Analyse de\u00a0<strong>in\u00e9galit\u00e9s de revenus \u00e0 long terme<\/strong>\u00a0Cela sugg\u00e8re que, si les plus riches ont enregistr\u00e9 des gains substantiels depuis les ann\u00e9es 1970, les m\u00e9nages \u00e0 revenus moyens et faibles ont largement perdu des parts de march\u00e9. De plus, les experts soulignent que\u00a0<strong>Les enqu\u00eates traditionnelles peuvent sous-estimer les bienfaits de l&#039;\u00e9ducation<\/strong>\u00a0parce que les personnes ayant des comp\u00e9tences num\u00e9riques plus faibles simplifient souvent les \u00e9chelles num\u00e9riques en arrondissant leurs r\u00e9ponses. Les groupes vuln\u00e9rables, notamment\u00a0<strong>parents c\u00e9libataires, personnes handicap\u00e9es et jeunes femmes<\/strong>, signalent syst\u00e9matiquement les niveaux les plus bas de sant\u00e9 mentale et de s\u00e9curit\u00e9 financi\u00e8re. En d\u00e9finitive, ces sources affirment que\u00a0<strong>politiques publiques et transferts sociaux robustes<\/strong>\u00a0sont des outils essentiels pour r\u00e9duire la pauvret\u00e9 et r\u00e9tablir le bien-\u00eatre collectif de la population.<\/p>\n<p><img decoding=\"async\" class=\"alignnone size-full wp-image-2883\" src=\"https:\/\/inspiringcanadians.com\/wp-content\/uploads\/2025\/12\/unnamed-32.png\" alt=\"\" \/><\/p>\n<table dir=\"ltr\" border=\"1\" cellspacing=\"0\" cellpadding=\"0\" data-sheets-root=\"1\" data-sheets-baot=\"1\">\n<colgroup>\n<col width=\"100\" \/>\n<col width=\"100\" \/>\n<col width=\"100\" \/>\n<col width=\"100\" \/>\n<col width=\"100\" \/>\n<col width=\"100\" \/>\n<col width=\"100\" \/>\n<col width=\"100\" \/>\n<col width=\"100\" \/><\/colgroup>\n<tbody>\n<tr>\n<td>Ann\u00e9e<\/td>\n<td>Rang de l&#039;IDH<\/td>\n<td>Esp\u00e9rance de vie (ann\u00e9es)<\/td>\n<td>Nombre d&#039;ann\u00e9es de scolarit\u00e9 pr\u00e9vues<\/td>\n<td>Dur\u00e9e moyenne de scolarit\u00e9<\/td>\n<td>RNB par habitant (PPA $)<\/td>\n<td>Difficult\u00e9s financi\u00e8res (%)<\/td>\n<td>Satisfaction de vie \u00e9lev\u00e9e (%)<\/td>\n<td>Source<\/td>\n<\/tr>\n<tr>\n<td>2023<\/td>\n<td>16<\/td>\n<td>82.6<\/td>\n<td>15.9<\/td>\n<td>13.9<\/td>\n<td>54,688<\/td>\n<td>37.4%<\/td>\n<td>50.6%<\/td>\n<td>1<\/td>\n<\/tr>\n<tr>\n<td>2024<\/td>\n<td>Non pr\u00e9sent dans la source<\/td>\n<td>Non pr\u00e9sent dans la source<\/td>\n<td>Non pr\u00e9sent dans la source<\/td>\n<td>Non pr\u00e9sent dans la source<\/td>\n<td>Non pr\u00e9sent dans la source<\/td>\n<td>32.8%<\/td>\n<td>48.6%<\/td>\n<td>1<\/td>\n<\/tr>\n<tr>\n<td>2022<\/td>\n<td>18<\/td>\n<td>Non pr\u00e9sent dans la source<\/td>\n<td>Non pr\u00e9sent dans la source<\/td>\n<td>Non pr\u00e9sent dans la source<\/td>\n<td>Non pr\u00e9sent dans la source<\/td>\n<td>26.0%<\/td>\n<td>59.0%<\/td>\n<td>1<\/td>\n<\/tr>\n<tr>\n<td>2021<\/td>\n<td>16<\/td>\n<td>Non pr\u00e9sent dans la source<\/td>\n<td>Non pr\u00e9sent dans la source<\/td>\n<td>Non pr\u00e9sent dans la source<\/td>\n<td>Non pr\u00e9sent dans la source<\/td>\n<td>18.6%<\/td>\n<td>54.0%<\/td>\n<td>1<\/td>\n<\/tr>\n<tr>\n<td>1990<\/td>\n<td>3<\/td>\n<td>77.4<\/td>\n<td>16.7<\/td>\n<td>10.8<\/td>\n<td>36,258<\/td>\n<td>Non pr\u00e9sent dans la source<\/td>\n<td>Non pr\u00e9sent dans la source<\/td>\n<td>1<\/td>\n<\/tr>\n<\/tbody>\n<\/table>\n<div id=\"ez-toc-container\" class=\"ez-toc-v2_0_82_2 counter-hierarchy ez-toc-counter ez-toc-grey ez-toc-container-direction\">\n<div class=\"ez-toc-title-container\">\n<p class=\"ez-toc-title\" style=\"cursor:inherit\">Table des mati\u00e8res<\/p>\n<span class=\"ez-toc-title-toggle\"><a href=\"#\" class=\"ez-toc-pull-right ez-toc-btn ez-toc-btn-xs ez-toc-btn-default ez-toc-toggle\" aria-label=\"Basculer la table des mati\u00e8res\"><span class=\"ez-toc-js-icon-con\"><span class=\"\"><span class=\"eztoc-hide\" style=\"display:none;\">Basculer<\/span><span class=\"ez-toc-icon-toggle-span\"><svg style=\"fill: #999;color:#999\" xmlns=\"http:\/\/www.w3.org\/2000\/svg\" class=\"list-377408\" width=\"20px\" height=\"20px\" viewbox=\"0 0 24 24\" fill=\"none\"><path d=\"M6 6H4v2h2V6zm14 0H8v2h12V6zM4 11h2v2H4v-2zm16 0H8v2h12v-2zM4 16h2v2H4v-2zm16 0H8v2h12v-2z\" fill=\"currentColor\"><\/path><\/svg><svg style=\"fill: #999;color:#999\" class=\"arrow-unsorted-368013\" xmlns=\"http:\/\/www.w3.org\/2000\/svg\" width=\"10px\" height=\"10px\" viewbox=\"0 0 24 24\" version=\"1.2\" baseprofile=\"tiny\"><path d=\"M18.2 9.3l-6.2-6.3-6.2 6.3c-.2.2-.3.4-.3.7s.1.5.3.7c.2.2.4.3.7.3h11c.3 0 .5-.1.7-.3.2-.2.3-.5.3-.7s-.1-.5-.3-.7zM5.8 14.7l6.2 6.3 6.2-6.3c.2-.2.3-.5.3-.7s-.1-.5-.3-.7c-.2-.2-.4-.3-.7-.3h-11c-.3 0-.5.1-.7.3-.2.2-.3.5-.3.7s.1.5.3.7z\"\/><\/svg><\/span><\/span><\/span><\/a><\/span><\/div>\n<nav><ul class='ez-toc-list ez-toc-list-level-1' ><li class='ez-toc-page-1 ez-toc-heading-level-1'><a class=\"ez-toc-link ez-toc-heading-1\" href=\"https:\/\/inspiringcanadians.com\/fr\/2025\/12\/20\/canada-quality-of-life-and-well-being-indicators-1990-2024\/#Canada_Quality_of_Life_in_2025_5_Surprising_Data-Backed_Truths\" >Qualit\u00e9 de vie au Canada en 2025\u00a0: 5 v\u00e9rit\u00e9s surprenantes \u00e9tay\u00e9es par des donn\u00e9es<\/a><ul class='ez-toc-list-level-2' ><li class='ez-toc-heading-level-2'><a class=\"ez-toc-link ez-toc-heading-2\" href=\"https:\/\/inspiringcanadians.com\/fr\/2025\/12\/20\/canada-quality-of-life-and-well-being-indicators-1990-2024\/#Finding_1_Economic_vulnerability_is_associated_with_weaker_social_connection\" >Constatation 1\u00a0: La vuln\u00e9rabilit\u00e9 \u00e9conomique est associ\u00e9e \u00e0 des liens sociaux plus faibles<\/a><\/li><li class='ez-toc-page-1 ez-toc-heading-level-2'><a class=\"ez-toc-link ez-toc-heading-3\" href=\"https:\/\/inspiringcanadians.com\/fr\/2025\/12\/20\/canada-quality-of-life-and-well-being-indicators-1990-2024\/#Finding_2_Formal_community_engagement_declined_compared_with_the_previous_decade\" >Constatation 2\u00a0: L\u2019engagement communautaire formel a diminu\u00e9 par rapport \u00e0 la d\u00e9cennie pr\u00e9c\u00e9dente<\/a><\/li><li class='ez-toc-page-1 ez-toc-heading-level-2'><a class=\"ez-toc-link ez-toc-heading-4\" href=\"https:\/\/inspiringcanadians.com\/fr\/2025\/12\/20\/canada-quality-of-life-and-well-being-indicators-1990-2024\/#Finding_3_High_life_satisfaction_declined_with_larger_declines_reported_for_some_groups\" >Constatation 3\u00a0: La satisfaction \u00e9lev\u00e9e dans la vie a diminu\u00e9, avec des baisses plus importantes observ\u00e9es pour certains groupes.<\/a><\/li><li class='ez-toc-page-1 ez-toc-heading-level-2'><a class=\"ez-toc-link ez-toc-heading-5\" href=\"https:\/\/inspiringcanadians.com\/fr\/2025\/12\/20\/canada-quality-of-life-and-well-being-indicators-1990-2024\/#Finding_4_Income_distribution_analysis_indicates_lower_after-tax_incomes_for_middle-income_earners_relative_to_a_late-1970s_distribution_benchmark\" >Constatation 4\u00a0: L\u2019analyse de la r\u00e9partition des revenus indique des revenus apr\u00e8s imp\u00f4t plus faibles pour les m\u00e9nages \u00e0 revenus moyens par rapport \u00e0 une r\u00e9f\u00e9rence de r\u00e9partition de la fin des ann\u00e9es\u00a01970.<\/a><\/li><li class='ez-toc-page-1 ez-toc-heading-level-2'><a class=\"ez-toc-link ez-toc-heading-6\" href=\"https:\/\/inspiringcanadians.com\/fr\/2025\/12\/20\/canada-quality-of-life-and-well-being-indicators-1990-2024\/#Finding_5_Survey_measurement_research_suggests_%E2%80%9Cfocal_value_rounding%E2%80%9D_can_bias_life_satisfaction_results\" >Constatation 5\u00a0: Les recherches sur la mesure par sondage sugg\u00e8rent que \u201c\u00a0l\u2019arrondi des valeurs focales\u00a0\u201d peut biaiser les r\u00e9sultats relatifs \u00e0 la satisfaction de vie<\/a><\/li><li class='ez-toc-page-1 ez-toc-heading-level-2'><a class=\"ez-toc-link ez-toc-heading-7\" href=\"https:\/\/inspiringcanadians.com\/fr\/2025\/12\/20\/canada-quality-of-life-and-well-being-indicators-1990-2024\/#Summary_of_the_five_findings\" >R\u00e9sum\u00e9 des cinq conclusions<\/a><\/li><\/ul><\/li><\/ul><\/nav><\/div>\n<h1><span class=\"ez-toc-section\" id=\"Canada_Quality_of_Life_in_2025_5_Surprising_Data-Backed_Truths\"><\/span>Qualit\u00e9 de vie au Canada en 2025\u00a0: 5 v\u00e9rit\u00e9s surprenantes \u00e9tay\u00e9es par des donn\u00e9es<span class=\"ez-toc-section-end\"><\/span><\/h1>\n<p data-start=\"68\" data-end=\"473\">Si vous avez l&#039;impression de recevoir des signaux contradictoires concernant la qualit\u00e9 de vie au Canada, vous n&#039;\u00eates pas seul. Le Canada figure souvent parmi les meilleurs pays au monde en mati\u00e8re de qualit\u00e9 de vie, tandis que d&#039;autres rapports soulignent l&#039;aggravation des difficult\u00e9s d&#039;acc\u00e8s au logement et le d\u00e9clin du bien-\u00eatre per\u00e7u. De r\u00e9centes enqu\u00eates et recherches canadiennes permettent d&#039;analyser plus en d\u00e9tail les changements qui se cachent derri\u00e8re ces grands discours.<\/p>\n<p data-start=\"475\" data-end=\"577\">Cet article r\u00e9sume cinq conclusions tir\u00e9es de recherches et de rapports statistiques canadiens r\u00e9cents.<\/p>\n<hr data-start=\"579\" data-end=\"582\" \/>\n<h2 data-start=\"584\" data-end=\"664\"><span class=\"ez-toc-section\" id=\"Finding_1_Economic_vulnerability_is_associated_with_weaker_social_connection\"><\/span>Constatation 1\u00a0: La vuln\u00e9rabilit\u00e9 \u00e9conomique est associ\u00e9e \u00e0 des liens sociaux plus faibles<span class=\"ez-toc-section-end\"><\/span><\/h2>\n<p data-start=\"666\" data-end=\"872\">Des recherches sociales canadiennes ont mis en \u00e9vidence un lien constant entre la vuln\u00e9rabilit\u00e9 \u00e9conomique et la faiblesse des liens sociaux. Selon les r\u00e9sultats d&#039;enqu\u00eates, les personnes \u00e0 faible revenu ou sans emploi d\u00e9clarent\u00a0:<\/p>\n<ul data-start=\"874\" data-end=\"1029\">\n<li data-start=\"874\" data-end=\"916\">\n<p data-start=\"876\" data-end=\"916\">Des r\u00e9seaux plus restreints de famille et d&#039;amis<\/p>\n<\/li>\n<li data-start=\"917\" data-end=\"973\">\n<p data-start=\"919\" data-end=\"973\">Un sentiment d&#039;appartenance \u00e0 leur communaut\u00e9 locale plus faible<\/p>\n<\/li>\n<li data-start=\"974\" data-end=\"1029\">\n<p data-start=\"976\" data-end=\"1029\">Ils auront moins de personnes sur lesquelles ils pourront compter lorsqu&#039;ils auront besoin d&#039;aide.<\/p>\n<\/li>\n<\/ul>\n<p data-start=\"1031\" data-end=\"1195\">Ce constat d\u00e9crit une association observ\u00e9e dans les r\u00e9sultats d&#039;enqu\u00eates autod\u00e9clar\u00e9es\u00a0: une s\u00e9curit\u00e9 \u00e9conomique moindre correspond \u00e0 des niveaux de connexion sociale d\u00e9clar\u00e9s plus faibles.<\/p>\n<hr data-start=\"1197\" data-end=\"1200\" \/>\n<h2 data-start=\"1202\" data-end=\"1286\"><span class=\"ez-toc-section\" id=\"Finding_2_Formal_community_engagement_declined_compared_with_the_previous_decade\"><\/span>Constatation 2\u00a0: L\u2019engagement communautaire formel a diminu\u00e9 par rapport \u00e0 la d\u00e9cennie pr\u00e9c\u00e9dente<span class=\"ez-toc-section-end\"><\/span><\/h2>\n<p data-start=\"1288\" data-end=\"1398\">Les comparaisons d&#039;enqu\u00eates men\u00e9es au fil du temps montrent un d\u00e9clin de plusieurs formes de participation civique. Parmi les changements observ\u00e9s, on note\u00a0:<\/p>\n<ul data-start=\"1400\" data-end=\"1772\">\n<li data-start=\"1400\" data-end=\"1555\">\n<p data-start=\"1402\" data-end=\"1555\">Une diminution de la participation aux groupes et associations par rapport aux mesures pr\u00e9c\u00e9dentes (par exemple, 2013 par rapport \u00e0 2022 dans une s\u00e9rie d&#039;enqu\u00eates r\u00e9p\u00e9t\u00e9es).<\/p>\n<\/li>\n<li data-start=\"1556\" data-end=\"1612\">\n<p data-start=\"1558\" data-end=\"1612\">Une baisse du taux de b\u00e9n\u00e9volat au cours de la m\u00eame p\u00e9riode<\/p>\n<\/li>\n<li data-start=\"1613\" data-end=\"1772\">\n<p data-start=\"1615\" data-end=\"1772\">La part des Canadiens qui font des dons de bienfaisance est en baisse, et les estimations traduisent cette diminution d&#039;un point de pourcentage par des millions de donateurs en moins chaque ann\u00e9e.<\/p>\n<\/li>\n<\/ul>\n<p data-start=\"1774\" data-end=\"1907\">Ces r\u00e9sultats d\u00e9crivent des baisses mesur\u00e9es des taux de participation et de contribution \u00e0 travers de multiples indicateurs d&#039;engagement communautaire.<\/p>\n<hr data-start=\"1909\" data-end=\"1912\" \/>\n<h2 data-start=\"1914\" data-end=\"2006\"><span class=\"ez-toc-section\" id=\"Finding_3_High_life_satisfaction_declined_with_larger_declines_reported_for_some_groups\"><\/span>Constatation 3\u00a0: La satisfaction \u00e9lev\u00e9e dans la vie a diminu\u00e9, avec des baisses plus importantes observ\u00e9es pour certains groupes.<span class=\"ez-toc-section-end\"><\/span><\/h2>\n<p data-start=\"2008\" data-end=\"2251\">Les rapports nationaux sur la qualit\u00e9 de vie font \u00e9tat d&#039;une baisse g\u00e9n\u00e9rale de la proportion de Canadiens se d\u00e9clarant tr\u00e8s satisfaits de leur vie ces derni\u00e8res ann\u00e9es. Les donn\u00e9es d\u00e9sagr\u00e9g\u00e9es indiquent que cette baisse n&#039;est pas uniforme selon les groupes. Voici quelques tendances observ\u00e9es\u00a0:<\/p>\n<ul data-start=\"2253\" data-end=\"2631\">\n<li data-start=\"2253\" data-end=\"2362\">\n<p data-start=\"2255\" data-end=\"2362\">Une baisse de la proportion globale de Canadiens d\u00e9clarant un niveau \u00e9lev\u00e9 de satisfaction \u00e0 la vie entre le milieu de 2021 et le d\u00e9but de 2024<\/p>\n<\/li>\n<li data-start=\"2363\" data-end=\"2461\">\n<p data-start=\"2365\" data-end=\"2461\">Une baisse plus importante au cours de cette p\u00e9riode chez les Canadiens racialis\u00e9s, par rapport \u00e0 la moyenne nationale<\/p>\n<\/li>\n<li data-start=\"2462\" data-end=\"2631\">\n<p data-start=\"2464\" data-end=\"2631\">Les scores de bien-\u00eatre sont plus faibles chez les femmes \u00e2g\u00e9es de 18 \u00e0 29 ans dans les synth\u00e8ses de recherches sur le bien-\u00eatre, parall\u00e8lement \u00e0 une probabilit\u00e9 plus \u00e9lev\u00e9e de sant\u00e9 mentale passable ou mauvaise au sein de ce groupe.<\/p>\n<\/li>\n<\/ul>\n<p data-start=\"2633\" data-end=\"2765\">Ces r\u00e9sultats r\u00e9sument les changements rapport\u00e9s en mati\u00e8re de bien-\u00eatre et de satisfaction de vie autod\u00e9clar\u00e9s, selon la p\u00e9riode et la cat\u00e9gorie d\u00e9mographique.<\/p>\n<hr data-start=\"2767\" data-end=\"2770\" \/>\n<h2 data-start=\"2772\" data-end=\"2922\"><span class=\"ez-toc-section\" id=\"Finding_4_Income_distribution_analysis_indicates_lower_after-tax_incomes_for_middle-income_earners_relative_to_a_late-1970s_distribution_benchmark\"><\/span>Constatation 4\u00a0: L\u2019analyse de la r\u00e9partition des revenus indique des revenus apr\u00e8s imp\u00f4t plus faibles pour les m\u00e9nages \u00e0 revenus moyens par rapport \u00e0 une r\u00e9f\u00e9rence de r\u00e9partition de la fin des ann\u00e9es\u00a01970.<span class=\"ez-toc-section-end\"><\/span><\/h2>\n<p data-start=\"2924\" data-end=\"3254\">Une analyse de la distribution des revenus a compar\u00e9 les revenus apr\u00e8s imp\u00f4t de la fin des ann\u00e9es 2010 \u00e0 un sc\u00e9nario contrefactuel o\u00f9 la distribution des revenus de la fin des ann\u00e9es 1970 aurait \u00e9t\u00e9 maintenue. Selon ce sc\u00e9nario de r\u00e9f\u00e9rence, l&#039;analyse a montr\u00e9 que les individus situ\u00e9s au milieu de la distribution des revenus auraient eu des revenus apr\u00e8s imp\u00f4t sup\u00e9rieurs d&#039;environ\u00a0:<\/p>\n<ul data-start=\"3256\" data-end=\"3378\">\n<li data-start=\"3256\" data-end=\"3378\">\n<p data-start=\"3258\" data-end=\"3378\">$1 000 \u00e0 $2 000 par personne (comparaison fin des ann\u00e9es 2010), selon la position sp\u00e9cifique au sein de la tranche de revenus moyens<\/p>\n<\/li>\n<\/ul>\n<p data-start=\"3380\" data-end=\"3564\">L&#039;analyse met \u00e9galement en \u00e9vidence l&#039;accessibilit\u00e9 au logement comme une diff\u00e9rence majeure entre la fin des ann\u00e9es 1970 et les derni\u00e8res d\u00e9cennies, les co\u00fbts du logement \u00e9tant beaucoup plus \u00e9lev\u00e9s par rapport aux revenus au cours des derni\u00e8res p\u00e9riodes.<\/p>\n<hr data-start=\"3566\" data-end=\"3569\" \/>\n<h2 data-start=\"3571\" data-end=\"3679\"><span class=\"ez-toc-section\" id=\"Finding_5_Survey_measurement_research_suggests_%E2%80%9Cfocal_value_rounding%E2%80%9D_can_bias_life_satisfaction_results\"><\/span>Constatation 5\u00a0: Les recherches sur la mesure par sondage sugg\u00e8rent que \u201c\u00a0l\u2019arrondi des valeurs focales\u00a0\u201d peut biaiser les r\u00e9sultats relatifs \u00e0 la satisfaction de vie<span class=\"ez-toc-section-end\"><\/span><\/h2>\n<p data-start=\"3681\" data-end=\"3998\">Des recherches \u00e9conom\u00e9triques ont mis en \u00e9vidence un probl\u00e8me de mesure potentiel dans les \u00e9chelles de satisfaction de vie utilis\u00e9es dans les enqu\u00eates. Le m\u00e9canisme d\u00e9crit est celui de \u201c l\u2019arrondi des valeurs focales \u201d, o\u00f9 les r\u00e9pondants ont tendance \u00e0 privil\u00e9gier les points focaux (g\u00e9n\u00e9ralement 0, 5 et 10) sur une \u00e9chelle de satisfaction de vie de 0 \u00e0 10 plut\u00f4t que d\u2019utiliser toute la gamme des valeurs.<\/p>\n<p data-start=\"4000\" data-end=\"4257\">L&#039;\u00e9tude indique que ce type de r\u00e9ponse peut att\u00e9nuer les corr\u00e9lations estim\u00e9es entre la satisfaction de vie et des variables telles que le revenu et le niveau d&#039;\u00e9ducation. Lorsque des corrections statistiques sont appliqu\u00e9es pour tenir compte de cet arrondi, les effets observ\u00e9s sont modifi\u00e9s, notamment\u00a0:<\/p>\n<ul data-start=\"4259\" data-end=\"4425\">\n<li data-start=\"4259\" data-end=\"4341\">\n<p data-start=\"4261\" data-end=\"4341\">Une \u00e9volution vers une relation positive entre l&#039;\u00e9ducation et la satisfaction de vie<\/p>\n<\/li>\n<li data-start=\"4342\" data-end=\"4425\">\n<p data-start=\"4344\" data-end=\"4425\">Une corr\u00e9lation positive plus forte a \u00e9t\u00e9 estim\u00e9e entre le revenu et la satisfaction de vie.<\/p>\n<\/li>\n<\/ul>\n<p data-start=\"4427\" data-end=\"4555\">Ces r\u00e9sultats d\u00e9crivent les biais de mesure et leurs implications pour l&#039;interpr\u00e9tation des relations dans les recherches sur le bonheur bas\u00e9es sur des enqu\u00eates.<\/p>\n<hr data-start=\"4557\" data-end=\"4560\" \/>\n<h2 data-start=\"4562\" data-end=\"4593\"><span class=\"ez-toc-section\" id=\"Summary_of_the_five_findings\"><\/span>R\u00e9sum\u00e9 des cinq conclusions<span class=\"ez-toc-section-end\"><\/span><\/h2>\n<ul data-start=\"4595\" data-end=\"5268\">\n<li data-start=\"4595\" data-end=\"4674\">\n<p data-start=\"4597\" data-end=\"4674\">La vuln\u00e9rabilit\u00e9 \u00e9conomique est associ\u00e9e \u00e0 un lien social plus faible.<\/p>\n<\/li>\n<li data-start=\"4675\" data-end=\"4793\">\n<p data-start=\"4677\" data-end=\"4793\">La participation \u00e0 des groupes, le b\u00e9n\u00e9volat et les dons caritatifs ont diminu\u00e9 au fil du temps, selon les comparaisons d&#039;enqu\u00eates publi\u00e9es.<\/p>\n<\/li>\n<li data-start=\"4794\" data-end=\"4922\">\n<p data-start=\"4796\" data-end=\"4922\">La proportion de Canadiens d\u00e9clarant une grande satisfaction \u00e0 la vie a diminu\u00e9, et des baisses plus importantes ont \u00e9t\u00e9 observ\u00e9es pour certains groupes d\u00e9mographiques.<\/p>\n<\/li>\n<li data-start=\"4923\" data-end=\"5117\">\n<p data-start=\"4925\" data-end=\"5117\">L&#039;analyse de la r\u00e9partition des revenus a r\u00e9v\u00e9l\u00e9 que les revenus apr\u00e8s imp\u00f4t des personnes \u00e0 revenu moyen \u00e0 la fin des ann\u00e9es 2010 \u00e9taient inf\u00e9rieurs \u00e0 un seuil de r\u00e9f\u00e9rence de la fin des ann\u00e9es 1970 d&#039;environ $1 000 \u00e0 $2 000 par personne.<\/p>\n<\/li>\n<li data-start=\"5118\" data-end=\"5268\">\n<p data-start=\"5120\" data-end=\"5268\">Les recherches sur l&#039;arrondi des valeurs focales sugg\u00e8rent un biais de r\u00e9ponse aux enqu\u00eates qui peut sous-estimer les effets estim\u00e9s du revenu et de l&#039;\u00e9ducation sur la satisfaction de vie.<\/p>\n<\/li>\n<\/ul>\n<p>Pour en savoir plus, cliquez ici\u00a0: <a href=\"https:\/\/inspiringcanadians.com\/wp-content\/uploads\/2025\/12\/Canada_Quality_of_Life_Fact_and_Feeling.pdf\"><span style=\"text-decoration: underline;\"><strong>Canada_Qualit\u00e9_de_vie_Faits_et_Sentiments<\/strong><\/span><\/a><\/p>","protected":false},"excerpt":{"rendered":"<p>\ufeff &nbsp; Recent research indicates that\u00a0overall life satisfaction and well-being in Canada have declined\u00a0significantly since 2013, a trend exacerbated by the COVID-19 pandemic and the rising cost of living. Studies show that\u00a0economic insecurity is deeply linked to social isolation, with lower-income individuals reporting fewer support networks and a diminished sense of community belonging. Analysis of\u00a0long-term [&hellip;]<\/p>\n","protected":false},"author":1,"featured_media":2856,"comment_status":"closed","ping_status":"closed","sticky":false,"template":"","format":"standard","meta":{"_acf_changed":false,"footnotes":""},"categories":[931,915],"tags":[],"class_list":["post-2882","post","type-post","status-publish","format-standard","has-post-thumbnail","hentry","category-study-in-canada","category-work-in-canada"],"acf":[],"yoast_head":"<!-- This site is optimized with the Yoast SEO plugin v27.4 - https:\/\/yoast.com\/product\/yoast-seo-wordpress\/ -->\n<title>Canada Quality of Life and Well-being Indicators (1990-2024) - Inspiring Canadians<\/title>\n<meta name=\"robots\" content=\"index, follow, max-snippet:-1, max-image-preview:large, max-video-preview:-1\" \/>\n<link rel=\"canonical\" href=\"https:\/\/inspiringcanadians.com\/fr\/2025\/12\/20\/canada-quality-of-life-and-well-being-indicators-1990-2024\/\" \/>\n<meta property=\"og:locale\" content=\"fr_CA\" \/>\n<meta property=\"og:type\" content=\"article\" \/>\n<meta property=\"og:title\" content=\"Canada Quality of Life and Well-being Indicators (1990-2024) - Inspiring Canadians\" \/>\n<meta property=\"og:description\" content=\"\ufeff &nbsp; Recent research indicates that\u00a0overall life satisfaction and well-being in Canada have declined\u00a0significantly since 2013, a trend exacerbated by the COVID-19 pandemic and the rising cost of living. Studies show that\u00a0economic insecurity is deeply linked to social isolation, with lower-income individuals reporting fewer support networks and a diminished sense of community belonging. Analysis of\u00a0long-term [&hellip;]\" \/>\n<meta property=\"og:url\" content=\"https:\/\/inspiringcanadians.com\/fr\/2025\/12\/20\/canada-quality-of-life-and-well-being-indicators-1990-2024\/\" \/>\n<meta property=\"og:site_name\" content=\"Inspiring Canadians\" \/>\n<meta property=\"article:published_time\" content=\"2025-12-20T21:35:29+00:00\" \/>\n<meta property=\"article:modified_time\" content=\"2025-12-20T22:37:55+00:00\" \/>\n<meta property=\"og:image\" content=\"https:\/\/inspiringcanadians.com\/wp-content\/uploads\/2025\/11\/mike-benna-WHHY-iBp3aI-unsplash-scaled.jpg\" \/>\n\t<meta property=\"og:image:width\" content=\"2560\" \/>\n\t<meta property=\"og:image:height\" content=\"1618\" \/>\n\t<meta property=\"og:image:type\" content=\"image\/jpeg\" \/>\n<meta name=\"author\" content=\"tarek\" \/>\n<meta name=\"twitter:card\" content=\"summary_large_image\" \/>\n<meta name=\"twitter:label1\" content=\"\u00c9crit par\" \/>\n\t<meta name=\"twitter:data1\" content=\"tarek\" \/>\n\t<meta name=\"twitter:label2\" content=\"Estimation du temps de lecture\" \/>\n\t<meta name=\"twitter:data2\" content=\"5 minutes\" \/>\n<script type=\"application\/ld+json\" class=\"yoast-schema-graph\">{\"@context\":\"https:\\\/\\\/schema.org\",\"@graph\":[{\"@type\":\"Article\",\"@id\":\"https:\\\/\\\/inspiringcanadians.com\\\/2025\\\/12\\\/20\\\/canada-quality-of-life-and-well-being-indicators-1990-2024\\\/#article\",\"isPartOf\":{\"@id\":\"https:\\\/\\\/inspiringcanadians.com\\\/2025\\\/12\\\/20\\\/canada-quality-of-life-and-well-being-indicators-1990-2024\\\/\"},\"author\":{\"name\":\"tarek\",\"@id\":\"https:\\\/\\\/inspiringcanadians.com\\\/#\\\/schema\\\/person\\\/e5cad0bb99813fdd839fa8f24cdf9363\"},\"headline\":\"Canada Quality of Life and Well-being Indicators (1990-2024)\",\"datePublished\":\"2025-12-20T21:35:29+00:00\",\"dateModified\":\"2025-12-20T22:37:55+00:00\",\"mainEntityOfPage\":{\"@id\":\"https:\\\/\\\/inspiringcanadians.com\\\/2025\\\/12\\\/20\\\/canada-quality-of-life-and-well-being-indicators-1990-2024\\\/\"},\"wordCount\":933,\"image\":{\"@id\":\"https:\\\/\\\/inspiringcanadians.com\\\/2025\\\/12\\\/20\\\/canada-quality-of-life-and-well-being-indicators-1990-2024\\\/#primaryimage\"},\"thumbnailUrl\":\"https:\\\/\\\/inspiringcanadians.com\\\/wp-content\\\/uploads\\\/2025\\\/11\\\/mike-benna-WHHY-iBp3aI-unsplash-scaled.jpg\",\"articleSection\":[\"Study in Canada\",\"Work in Canada\"],\"inLanguage\":\"fr-CA\"},{\"@type\":\"WebPage\",\"@id\":\"https:\\\/\\\/inspiringcanadians.com\\\/2025\\\/12\\\/20\\\/canada-quality-of-life-and-well-being-indicators-1990-2024\\\/\",\"url\":\"https:\\\/\\\/inspiringcanadians.com\\\/2025\\\/12\\\/20\\\/canada-quality-of-life-and-well-being-indicators-1990-2024\\\/\",\"name\":\"Canada Quality of Life and Well-being Indicators (1990-2024) - Inspiring Canadians\",\"isPartOf\":{\"@id\":\"https:\\\/\\\/inspiringcanadians.com\\\/#website\"},\"primaryImageOfPage\":{\"@id\":\"https:\\\/\\\/inspiringcanadians.com\\\/2025\\\/12\\\/20\\\/canada-quality-of-life-and-well-being-indicators-1990-2024\\\/#primaryimage\"},\"image\":{\"@id\":\"https:\\\/\\\/inspiringcanadians.com\\\/2025\\\/12\\\/20\\\/canada-quality-of-life-and-well-being-indicators-1990-2024\\\/#primaryimage\"},\"thumbnailUrl\":\"https:\\\/\\\/inspiringcanadians.com\\\/wp-content\\\/uploads\\\/2025\\\/11\\\/mike-benna-WHHY-iBp3aI-unsplash-scaled.jpg\",\"datePublished\":\"2025-12-20T21:35:29+00:00\",\"dateModified\":\"2025-12-20T22:37:55+00:00\",\"author\":{\"@id\":\"https:\\\/\\\/inspiringcanadians.com\\\/#\\\/schema\\\/person\\\/e5cad0bb99813fdd839fa8f24cdf9363\"},\"breadcrumb\":{\"@id\":\"https:\\\/\\\/inspiringcanadians.com\\\/2025\\\/12\\\/20\\\/canada-quality-of-life-and-well-being-indicators-1990-2024\\\/#breadcrumb\"},\"inLanguage\":\"fr-CA\",\"potentialAction\":[{\"@type\":\"ReadAction\",\"target\":[\"https:\\\/\\\/inspiringcanadians.com\\\/2025\\\/12\\\/20\\\/canada-quality-of-life-and-well-being-indicators-1990-2024\\\/\"]}]},{\"@type\":\"ImageObject\",\"inLanguage\":\"fr-CA\",\"@id\":\"https:\\\/\\\/inspiringcanadians.com\\\/2025\\\/12\\\/20\\\/canada-quality-of-life-and-well-being-indicators-1990-2024\\\/#primaryimage\",\"url\":\"https:\\\/\\\/inspiringcanadians.com\\\/wp-content\\\/uploads\\\/2025\\\/11\\\/mike-benna-WHHY-iBp3aI-unsplash-scaled.jpg\",\"contentUrl\":\"https:\\\/\\\/inspiringcanadians.com\\\/wp-content\\\/uploads\\\/2025\\\/11\\\/mike-benna-WHHY-iBp3aI-unsplash-scaled.jpg\",\"width\":2560,\"height\":1618},{\"@type\":\"BreadcrumbList\",\"@id\":\"https:\\\/\\\/inspiringcanadians.com\\\/2025\\\/12\\\/20\\\/canada-quality-of-life-and-well-being-indicators-1990-2024\\\/#breadcrumb\",\"itemListElement\":[{\"@type\":\"ListItem\",\"position\":1,\"name\":\"Home\",\"item\":\"https:\\\/\\\/inspiringcanadians.com\\\/home\\\/\"},{\"@type\":\"ListItem\",\"position\":2,\"name\":\"Canada Quality of Life and Well-being Indicators (1990-2024)\"}]},{\"@type\":\"WebSite\",\"@id\":\"https:\\\/\\\/inspiringcanadians.com\\\/#website\",\"url\":\"https:\\\/\\\/inspiringcanadians.com\\\/\",\"name\":\"Inspiring Canadians\",\"description\":\"Featuring, Empowering and Awarding Canadians\",\"potentialAction\":[{\"@type\":\"SearchAction\",\"target\":{\"@type\":\"EntryPoint\",\"urlTemplate\":\"https:\\\/\\\/inspiringcanadians.com\\\/?s={search_term_string}\"},\"query-input\":{\"@type\":\"PropertyValueSpecification\",\"valueRequired\":true,\"valueName\":\"search_term_string\"}}],\"inLanguage\":\"fr-CA\"},{\"@type\":\"Person\",\"@id\":\"https:\\\/\\\/inspiringcanadians.com\\\/#\\\/schema\\\/person\\\/e5cad0bb99813fdd839fa8f24cdf9363\",\"name\":\"tarek\",\"image\":{\"@type\":\"ImageObject\",\"inLanguage\":\"fr-CA\",\"@id\":\"https:\\\/\\\/secure.gravatar.com\\\/avatar\\\/2d2b95885d04a3d6f2ea2efc366419bfc75af7f324282a3c275d0f22578685c3?s=96&d=mm&r=g\",\"url\":\"https:\\\/\\\/secure.gravatar.com\\\/avatar\\\/2d2b95885d04a3d6f2ea2efc366419bfc75af7f324282a3c275d0f22578685c3?s=96&d=mm&r=g\",\"contentUrl\":\"https:\\\/\\\/secure.gravatar.com\\\/avatar\\\/2d2b95885d04a3d6f2ea2efc366419bfc75af7f324282a3c275d0f22578685c3?s=96&d=mm&r=g\",\"caption\":\"tarek\"},\"url\":\"https:\\\/\\\/inspiringcanadians.com\\\/fr\\\/author\\\/tarek\\\/\"}]}<\/script>\n<!-- \/ Yoast SEO plugin. -->","yoast_head_json":{"title":"Canada Quality of Life and Well-being Indicators (1990-2024) - Inspiring Canadians","robots":{"index":"index","follow":"follow","max-snippet":"max-snippet:-1","max-image-preview":"max-image-preview:large","max-video-preview":"max-video-preview:-1"},"canonical":"https:\/\/inspiringcanadians.com\/fr\/2025\/12\/20\/canada-quality-of-life-and-well-being-indicators-1990-2024\/","og_locale":"fr_CA","og_type":"article","og_title":"Canada Quality of Life and Well-being Indicators (1990-2024) - Inspiring Canadians","og_description":"\ufeff &nbsp; Recent research indicates that\u00a0overall life satisfaction and well-being in Canada have declined\u00a0significantly since 2013, a trend exacerbated by the COVID-19 pandemic and the rising cost of living. Studies show that\u00a0economic insecurity is deeply linked to social isolation, with lower-income individuals reporting fewer support networks and a diminished sense of community belonging. Analysis of\u00a0long-term [&hellip;]","og_url":"https:\/\/inspiringcanadians.com\/fr\/2025\/12\/20\/canada-quality-of-life-and-well-being-indicators-1990-2024\/","og_site_name":"Inspiring Canadians","article_published_time":"2025-12-20T21:35:29+00:00","article_modified_time":"2025-12-20T22:37:55+00:00","og_image":[{"width":2560,"height":1618,"url":"https:\/\/inspiringcanadians.com\/wp-content\/uploads\/2025\/11\/mike-benna-WHHY-iBp3aI-unsplash-scaled.jpg","type":"image\/jpeg"}],"author":"tarek","twitter_card":"summary_large_image","twitter_misc":{"\u00c9crit par":"tarek","Estimation du temps de lecture":"5 minutes"},"schema":{"@context":"https:\/\/schema.org","@graph":[{"@type":"Article","@id":"https:\/\/inspiringcanadians.com\/2025\/12\/20\/canada-quality-of-life-and-well-being-indicators-1990-2024\/#article","isPartOf":{"@id":"https:\/\/inspiringcanadians.com\/2025\/12\/20\/canada-quality-of-life-and-well-being-indicators-1990-2024\/"},"author":{"name":"tarek","@id":"https:\/\/inspiringcanadians.com\/#\/schema\/person\/e5cad0bb99813fdd839fa8f24cdf9363"},"headline":"Canada Quality of Life and Well-being Indicators (1990-2024)","datePublished":"2025-12-20T21:35:29+00:00","dateModified":"2025-12-20T22:37:55+00:00","mainEntityOfPage":{"@id":"https:\/\/inspiringcanadians.com\/2025\/12\/20\/canada-quality-of-life-and-well-being-indicators-1990-2024\/"},"wordCount":933,"image":{"@id":"https:\/\/inspiringcanadians.com\/2025\/12\/20\/canada-quality-of-life-and-well-being-indicators-1990-2024\/#primaryimage"},"thumbnailUrl":"https:\/\/inspiringcanadians.com\/wp-content\/uploads\/2025\/11\/mike-benna-WHHY-iBp3aI-unsplash-scaled.jpg","articleSection":["Study in Canada","Work in Canada"],"inLanguage":"fr-CA"},{"@type":"WebPage","@id":"https:\/\/inspiringcanadians.com\/2025\/12\/20\/canada-quality-of-life-and-well-being-indicators-1990-2024\/","url":"https:\/\/inspiringcanadians.com\/2025\/12\/20\/canada-quality-of-life-and-well-being-indicators-1990-2024\/","name":"Canada Quality of Life and Well-being Indicators (1990-2024) - Inspiring Canadians","isPartOf":{"@id":"https:\/\/inspiringcanadians.com\/#website"},"primaryImageOfPage":{"@id":"https:\/\/inspiringcanadians.com\/2025\/12\/20\/canada-quality-of-life-and-well-being-indicators-1990-2024\/#primaryimage"},"image":{"@id":"https:\/\/inspiringcanadians.com\/2025\/12\/20\/canada-quality-of-life-and-well-being-indicators-1990-2024\/#primaryimage"},"thumbnailUrl":"https:\/\/inspiringcanadians.com\/wp-content\/uploads\/2025\/11\/mike-benna-WHHY-iBp3aI-unsplash-scaled.jpg","datePublished":"2025-12-20T21:35:29+00:00","dateModified":"2025-12-20T22:37:55+00:00","author":{"@id":"https:\/\/inspiringcanadians.com\/#\/schema\/person\/e5cad0bb99813fdd839fa8f24cdf9363"},"breadcrumb":{"@id":"https:\/\/inspiringcanadians.com\/2025\/12\/20\/canada-quality-of-life-and-well-being-indicators-1990-2024\/#breadcrumb"},"inLanguage":"fr-CA","potentialAction":[{"@type":"ReadAction","target":["https:\/\/inspiringcanadians.com\/2025\/12\/20\/canada-quality-of-life-and-well-being-indicators-1990-2024\/"]}]},{"@type":"ImageObject","inLanguage":"fr-CA","@id":"https:\/\/inspiringcanadians.com\/2025\/12\/20\/canada-quality-of-life-and-well-being-indicators-1990-2024\/#primaryimage","url":"https:\/\/inspiringcanadians.com\/wp-content\/uploads\/2025\/11\/mike-benna-WHHY-iBp3aI-unsplash-scaled.jpg","contentUrl":"https:\/\/inspiringcanadians.com\/wp-content\/uploads\/2025\/11\/mike-benna-WHHY-iBp3aI-unsplash-scaled.jpg","width":2560,"height":1618},{"@type":"BreadcrumbList","@id":"https:\/\/inspiringcanadians.com\/2025\/12\/20\/canada-quality-of-life-and-well-being-indicators-1990-2024\/#breadcrumb","itemListElement":[{"@type":"ListItem","position":1,"name":"Home","item":"https:\/\/inspiringcanadians.com\/home\/"},{"@type":"ListItem","position":2,"name":"Canada Quality of Life and Well-being Indicators (1990-2024)"}]},{"@type":"WebSite","@id":"https:\/\/inspiringcanadians.com\/#website","url":"https:\/\/inspiringcanadians.com\/","name":"Inspirer les Canadiens","description":"Mettre en valeur, responsabiliser et r\u00e9compenser les Canadiens","potentialAction":[{"@type":"SearchAction","target":{"@type":"EntryPoint","urlTemplate":"https:\/\/inspiringcanadians.com\/?s={search_term_string}"},"query-input":{"@type":"PropertyValueSpecification","valueRequired":true,"valueName":"search_term_string"}}],"inLanguage":"fr-CA"},{"@type":"Person","@id":"https:\/\/inspiringcanadians.com\/#\/schema\/person\/e5cad0bb99813fdd839fa8f24cdf9363","name":"Tarek","image":{"@type":"ImageObject","inLanguage":"fr-CA","@id":"https:\/\/secure.gravatar.com\/avatar\/2d2b95885d04a3d6f2ea2efc366419bfc75af7f324282a3c275d0f22578685c3?s=96&d=mm&r=g","url":"https:\/\/secure.gravatar.com\/avatar\/2d2b95885d04a3d6f2ea2efc366419bfc75af7f324282a3c275d0f22578685c3?s=96&d=mm&r=g","contentUrl":"https:\/\/secure.gravatar.com\/avatar\/2d2b95885d04a3d6f2ea2efc366419bfc75af7f324282a3c275d0f22578685c3?s=96&d=mm&r=g","caption":"tarek"},"url":"https:\/\/inspiringcanadians.com\/fr\/author\/tarek\/"}]}},"_links":{"self":[{"href":"https:\/\/inspiringcanadians.com\/fr\/wp-json\/wp\/v2\/posts\/2882","targetHints":{"allow":["GET"]}}],"collection":[{"href":"https:\/\/inspiringcanadians.com\/fr\/wp-json\/wp\/v2\/posts"}],"about":[{"href":"https:\/\/inspiringcanadians.com\/fr\/wp-json\/wp\/v2\/types\/post"}],"author":[{"embeddable":true,"href":"https:\/\/inspiringcanadians.com\/fr\/wp-json\/wp\/v2\/users\/1"}],"replies":[{"embeddable":true,"href":"https:\/\/inspiringcanadians.com\/fr\/wp-json\/wp\/v2\/comments?post=2882"}],"version-history":[{"count":7,"href":"https:\/\/inspiringcanadians.com\/fr\/wp-json\/wp\/v2\/posts\/2882\/revisions"}],"predecessor-version":[{"id":2922,"href":"https:\/\/inspiringcanadians.com\/fr\/wp-json\/wp\/v2\/posts\/2882\/revisions\/2922"}],"wp:featuredmedia":[{"embeddable":true,"href":"https:\/\/inspiringcanadians.com\/fr\/wp-json\/wp\/v2\/media\/2856"}],"wp:attachment":[{"href":"https:\/\/inspiringcanadians.com\/fr\/wp-json\/wp\/v2\/media?parent=2882"}],"wp:term":[{"taxonomy":"category","embeddable":true,"href":"https:\/\/inspiringcanadians.com\/fr\/wp-json\/wp\/v2\/categories?post=2882"},{"taxonomy":"post_tag","embeddable":true,"href":"https:\/\/inspiringcanadians.com\/fr\/wp-json\/wp\/v2\/tags?post=2882"}],"curies":[{"name":"wp","href":"https:\/\/api.w.org\/{rel}","templated":true}]}}