{"id":2648,"date":"2025-10-18T15:19:57","date_gmt":"2025-10-18T15:19:57","guid":{"rendered":"https:\/\/inspiringcanadians.com\/?p=2648"},"modified":"2025-10-18T15:19:57","modified_gmt":"2025-10-18T15:19:57","slug":"holidays-and-traditions-of-canada-celebrating-diversity-and-unity","status":"publish","type":"post","link":"https:\/\/inspiringcanadians.com\/fr\/2025\/10\/18\/holidays-and-traditions-of-canada-celebrating-diversity-and-unity\/","title":{"rendered":"F\u00eates et traditions du Canada : c\u00e9l\u00e9brer la diversit\u00e9 et l&#039;unit\u00e9"},"content":{"rendered":"<p data-start=\"309\" data-end=\"635\">Les f\u00eates et les traditions du Canada refl\u00e8tent son <strong data-start=\"354\" data-end=\"380\">patrimoine multiculturel<\/strong>, <strong data-start=\"382\" data-end=\"398\">riche histoire<\/strong>, et <strong data-start=\"404\" data-end=\"426\">sens de la communaut\u00e9<\/strong>. Des c\u00e9l\u00e9brations nationales comme <strong data-start=\"462\" data-end=\"476\">F\u00eate du Canada<\/strong> aux festivals r\u00e9gionaux comme <strong data-start=\"504\" data-end=\"527\">Saint-Jean-Baptiste<\/strong>Les Canadiens c\u00e9l\u00e8brent les saisons avec un m\u00e9lange de fiert\u00e9 nationale, d\u2019observance religieuse et de diversit\u00e9 culturelle.<\/p>\n<hr data-start=\"637\" data-end=\"640\" \/>\n<div id=\"ez-toc-container\" class=\"ez-toc-v2_0_82_2 counter-hierarchy ez-toc-counter ez-toc-grey ez-toc-container-direction\">\n<div class=\"ez-toc-title-container\">\n<p class=\"ez-toc-title\" style=\"cursor:inherit\">Table des mati\u00e8res<\/p>\n<span class=\"ez-toc-title-toggle\"><a href=\"#\" class=\"ez-toc-pull-right ez-toc-btn ez-toc-btn-xs ez-toc-btn-default ez-toc-toggle\" aria-label=\"Basculer la table des mati\u00e8res\"><span class=\"ez-toc-js-icon-con\"><span class=\"\"><span class=\"eztoc-hide\" style=\"display:none;\">Basculer<\/span><span class=\"ez-toc-icon-toggle-span\"><svg style=\"fill: #999;color:#999\" xmlns=\"http:\/\/www.w3.org\/2000\/svg\" class=\"list-377408\" width=\"20px\" height=\"20px\" viewbox=\"0 0 24 24\" fill=\"none\"><path d=\"M6 6H4v2h2V6zm14 0H8v2h12V6zM4 11h2v2H4v-2zm16 0H8v2h12v-2zM4 16h2v2H4v-2zm16 0H8v2h12v-2z\" fill=\"currentColor\"><\/path><\/svg><svg style=\"fill: #999;color:#999\" class=\"arrow-unsorted-368013\" xmlns=\"http:\/\/www.w3.org\/2000\/svg\" width=\"10px\" height=\"10px\" viewbox=\"0 0 24 24\" version=\"1.2\" baseprofile=\"tiny\"><path d=\"M18.2 9.3l-6.2-6.3-6.2 6.3c-.2.2-.3.4-.3.7s.1.5.3.7c.2.2.4.3.7.3h11c.3 0 .5-.1.7-.3.2-.2.3-.5.3-.7s-.1-.5-.3-.7zM5.8 14.7l6.2 6.3 6.2-6.3c.2-.2.3-.5.3-.7s-.1-.5-.3-.7c-.2-.2-.4-.3-.7-.3h-11c-.3 0-.5.1-.7.3-.2.2-.3.5-.3.7s.1.5.3.7z\"\/><\/svg><\/span><\/span><\/span><\/a><\/span><\/div>\n<nav><ul class='ez-toc-list ez-toc-list-level-1' ><li class='ez-toc-page-1 ez-toc-heading-level-2'><a class=\"ez-toc-link ez-toc-heading-1\" href=\"https:\/\/inspiringcanadians.com\/fr\/2025\/10\/18\/holidays-and-traditions-of-canada-celebrating-diversity-and-unity\/#%F0%9F%87%A8%F0%9F%87%A6_National_Public_Holidays_in_Canada\" >\ud83c\udde8\ud83c\udde6 Jours f\u00e9ri\u00e9s nationaux au Canada<\/a><\/li><li class='ez-toc-page-1 ez-toc-heading-level-2'><a class=\"ez-toc-link ez-toc-heading-2\" href=\"https:\/\/inspiringcanadians.com\/fr\/2025\/10\/18\/holidays-and-traditions-of-canada-celebrating-diversity-and-unity\/#%F0%9F%8F%9E%EF%B8%8F_Provincial_and_Regional_Holidays\" >\ud83c\udfde\ufe0f Jours f\u00e9ri\u00e9s provinciaux et r\u00e9gionaux<\/a><\/li><li class='ez-toc-page-1 ez-toc-heading-level-2'><a class=\"ez-toc-link ez-toc-heading-3\" href=\"https:\/\/inspiringcanadians.com\/fr\/2025\/10\/18\/holidays-and-traditions-of-canada-celebrating-diversity-and-unity\/#%F0%9F%8C%8E_Cultural_and_Multicultural_Celebrations\" >\ud83c\udf0e C\u00e9l\u00e9brations culturelles et multiculturelles<\/a><\/li><li class='ez-toc-page-1 ez-toc-heading-level-2'><a class=\"ez-toc-link ez-toc-heading-4\" href=\"https:\/\/inspiringcanadians.com\/fr\/2025\/10\/18\/holidays-and-traditions-of-canada-celebrating-diversity-and-unity\/#%F0%9F%95%AF%EF%B8%8F_Unique_Canadian_Traditions\" >\ud83d\udd6f\ufe0f Traditions canadiennes uniques<\/a><\/li><li class='ez-toc-page-1 ez-toc-heading-level-2'><a class=\"ez-toc-link ez-toc-heading-5\" href=\"https:\/\/inspiringcanadians.com\/fr\/2025\/10\/18\/holidays-and-traditions-of-canada-celebrating-diversity-and-unity\/#%E2%9D%A4%EF%B8%8F_The_Spirit_of_Canadian_Celebration\" >\u2764\ufe0f L&#039;esprit de la c\u00e9l\u00e9bration canadienne<\/a><\/li><\/ul><\/nav><\/div>\n<h2 data-start=\"642\" data-end=\"686\"><span class=\"ez-toc-section\" id=\"%F0%9F%87%A8%F0%9F%87%A6_National_Public_Holidays_in_Canada\"><\/span>\ud83c\udde8\ud83c\udde6 Jours f\u00e9ri\u00e9s nationaux au Canada<span class=\"ez-toc-section-end\"><\/span><\/h2>\n<div class=\"_tableContainer_1rjym_1\">\n<div class=\"group _tableWrapper_1rjym_13 flex w-fit flex-col-reverse\" tabindex=\"-1\">\n<table class=\"w-fit min-w-(--thread-content-width)\" data-start=\"688\" data-end=\"1774\">\n<thead data-start=\"688\" data-end=\"746\">\n<tr data-start=\"688\" data-end=\"746\">\n<th data-start=\"688\" data-end=\"702\" data-col-size=\"sm\"><strong data-start=\"690\" data-end=\"701\">Vacances<\/strong><\/th>\n<th data-start=\"702\" data-end=\"713\" data-col-size=\"sm\"><strong data-start=\"704\" data-end=\"712\">Date<\/strong><\/th>\n<th data-start=\"713\" data-end=\"746\" data-col-size=\"md\"><strong data-start=\"715\" data-end=\"744\">Traditions et activit\u00e9s<\/strong><\/th>\n<\/tr>\n<\/thead>\n<tbody data-start=\"808\" data-end=\"1774\">\n<tr data-start=\"808\" data-end=\"902\">\n<td data-start=\"808\" data-end=\"829\" data-col-size=\"sm\"><strong data-start=\"810\" data-end=\"828\">Jour de l&#039;An<\/strong><\/td>\n<td data-start=\"829\" data-end=\"841\" data-col-size=\"sm\">1er janvier<\/td>\n<td data-start=\"841\" data-end=\"902\" data-col-size=\"md\">Feux d\u2019artifice, rassemblements et r\u00e9flexions sur les nouveaux d\u00e9parts.<\/td>\n<\/tr>\n<tr data-start=\"903\" data-end=\"1010\">\n<td data-start=\"903\" data-end=\"937\" data-col-size=\"sm\"><strong data-start=\"905\" data-end=\"936\">Vendredi saint et lundi de P\u00e2ques<\/strong><\/td>\n<td data-start=\"937\" data-end=\"954\" data-col-size=\"sm\">mars ou avril<\/td>\n<td data-start=\"954\" data-end=\"1010\" data-col-size=\"md\">Services religieux, repas de famille et chasses aux \u0153ufs de P\u00e2ques.<\/td>\n<\/tr>\n<tr data-start=\"1011\" data-end=\"1146\">\n<td data-start=\"1011\" data-end=\"1030\" data-col-size=\"sm\"><strong data-start=\"1013\" data-end=\"1029\">F\u00eate de la Reine<\/strong><\/td>\n<td data-start=\"1030\" data-end=\"1058\" data-col-size=\"sm\">Dernier lundi avant le 25 mai<\/td>\n<td data-start=\"1058\" data-end=\"1146\" data-col-size=\"md\">C\u00e9l\u00e9bration de l&#039;anniversaire de la reine Victoria ; un feu d&#039;artifice marque le d\u00e9but officieux de l&#039;\u00e9t\u00e9.<\/td>\n<\/tr>\n<tr data-start=\"1147\" data-end=\"1243\">\n<td data-start=\"1147\" data-end=\"1164\" data-col-size=\"sm\"><strong data-start=\"1149\" data-end=\"1163\">F\u00eate du Canada<\/strong><\/td>\n<td data-start=\"1164\" data-end=\"1173\" data-col-size=\"sm\">1er juillet<\/td>\n<td data-start=\"1173\" data-end=\"1243\" data-col-size=\"md\">Des d\u00e9fil\u00e9s, des concerts et des feux d\u2019artifice comm\u00e9morent la Conf\u00e9d\u00e9ration (1867).<\/td>\n<\/tr>\n<tr data-start=\"1244\" data-end=\"1363\">\n<td data-start=\"1244\" data-end=\"1261\" data-col-size=\"sm\"><strong data-start=\"1246\" data-end=\"1260\">F\u00eate du Travail<\/strong><\/td>\n<td data-start=\"1261\" data-end=\"1289\" data-col-size=\"sm\">Premier lundi de septembre<\/td>\n<td data-start=\"1289\" data-end=\"1363\" data-col-size=\"md\">D\u00e9fil\u00e9s et pique-niques c\u00e9l\u00e9brant les droits des travailleurs et la fin de l&#039;\u00e9t\u00e9.<\/td>\n<\/tr>\n<tr data-start=\"1364\" data-end=\"1484\">\n<td data-start=\"1364\" data-end=\"1383\" data-col-size=\"sm\"><strong data-start=\"1366\" data-end=\"1382\">Action de gr\u00e2ces<\/strong><\/td>\n<td data-start=\"1383\" data-end=\"1410\" data-col-size=\"sm\">Deuxi\u00e8me lundi d&#039;octobre<\/td>\n<td data-start=\"1410\" data-end=\"1484\" data-col-size=\"md\">Festin de famille mettant en vedette la dinde, la tarte \u00e0 la citrouille et les traditions de gratitude.<\/td>\n<\/tr>\n<tr data-start=\"1485\" data-end=\"1581\">\n<td data-start=\"1485\" data-end=\"1507\" data-col-size=\"sm\"><strong data-start=\"1487\" data-end=\"1506\">Jour du Souvenir<\/strong><\/td>\n<td data-start=\"1507\" data-end=\"1521\" data-col-size=\"sm\">11 novembre<\/td>\n<td data-start=\"1521\" data-end=\"1581\" data-col-size=\"md\">C\u00e9r\u00e9monies et port du coquelicot en l&#039;honneur des anciens combattants du Canada.<\/td>\n<\/tr>\n<tr data-start=\"1582\" data-end=\"1691\">\n<td data-start=\"1582\" data-end=\"1602\" data-col-size=\"sm\"><strong data-start=\"1584\" data-end=\"1601\">Le jour de No\u00ebl<\/strong><\/td>\n<td data-start=\"1602\" data-end=\"1616\" data-col-size=\"sm\">25 d\u00e9cembre<\/td>\n<td data-start=\"1616\" data-end=\"1691\" data-col-size=\"md\">Offrir des cadeaux, des repas de f\u00eate et d\u00e9corer les maisons avec des lumi\u00e8res et des arbres.<\/td>\n<\/tr>\n<tr data-start=\"1692\" data-end=\"1774\">\n<td data-start=\"1692\" data-end=\"1709\" data-col-size=\"sm\"><strong data-start=\"1694\" data-end=\"1708\">Le lendemain de No\u00ebl<\/strong><\/td>\n<td data-start=\"1709\" data-end=\"1723\" data-col-size=\"sm\">26 d\u00e9cembre<\/td>\n<td data-start=\"1723\" data-end=\"1774\" data-col-size=\"md\">Une journ\u00e9e pour faire des bonnes affaires et faire des dons caritatifs.<\/td>\n<\/tr>\n<\/tbody>\n<\/table>\n<\/div>\n<\/div>\n<hr data-start=\"1776\" data-end=\"1779\" \/>\n<h2 data-start=\"1781\" data-end=\"1822\"><span class=\"ez-toc-section\" id=\"%F0%9F%8F%9E%EF%B8%8F_Provincial_and_Regional_Holidays\"><\/span>\ud83c\udfde\ufe0f Jours f\u00e9ri\u00e9s provinciaux et r\u00e9gionaux<span class=\"ez-toc-section-end\"><\/span><\/h2>\n<div class=\"_tableContainer_1rjym_1\">\n<div class=\"group _tableWrapper_1rjym_13 flex w-fit flex-col-reverse\" tabindex=\"-1\">\n<table class=\"w-fit min-w-(--thread-content-width)\" data-start=\"1824\" data-end=\"2424\">\n<thead data-start=\"1824\" data-end=\"1871\">\n<tr data-start=\"1824\" data-end=\"1871\">\n<th data-start=\"1824\" data-end=\"1838\" data-col-size=\"sm\"><strong data-start=\"1826\" data-end=\"1837\">Vacances<\/strong><\/th>\n<th data-start=\"1838\" data-end=\"1851\" data-col-size=\"sm\"><strong data-start=\"1840\" data-end=\"1850\">R\u00e9gion<\/strong><\/th>\n<th data-start=\"1851\" data-end=\"1871\" data-col-size=\"md\"><strong data-start=\"1853\" data-end=\"1869\">Importance<\/strong><\/th>\n<\/tr>\n<\/thead>\n<tbody data-start=\"1921\" data-end=\"2424\">\n<tr data-start=\"1921\" data-end=\"2036\">\n<td data-start=\"1921\" data-end=\"1938\" data-col-size=\"sm\"><strong data-start=\"1923\" data-end=\"1937\">Journ\u00e9e de la famille<\/strong><\/td>\n<td data-start=\"1938\" data-end=\"1975\" data-col-size=\"sm\">Alberta, Ontario, Colombie-Britannique et autres<\/td>\n<td data-start=\"1975\" data-end=\"2036\" data-col-size=\"md\">C\u00e9l\u00e9brer les liens familiaux et la coh\u00e9sion communautaire.<\/td>\n<\/tr>\n<tr data-start=\"2037\" data-end=\"2147\">\n<td data-start=\"2037\" data-end=\"2057\" data-col-size=\"sm\"><strong data-start=\"2039\" data-end=\"2056\">F\u00eate civique<\/strong><\/td>\n<td data-start=\"2057\" data-end=\"2090\" data-col-size=\"sm\">La plupart des provinces (sauf le Qu\u00e9bec)<\/td>\n<td data-start=\"2090\" data-end=\"2147\" data-col-size=\"md\">Une journ\u00e9e de repos en plein \u00e9t\u00e9 pour les loisirs et les festivals locaux.<\/td>\n<\/tr>\n<tr data-start=\"2148\" data-end=\"2242\">\n<td data-start=\"2148\" data-end=\"2167\" data-col-size=\"sm\"><strong data-start=\"2150\" data-end=\"2166\">Journ\u00e9e des insulaires<\/strong><\/td>\n<td data-start=\"2167\" data-end=\"2190\" data-col-size=\"sm\">\u00cele-du-Prince-\u00c9douard<\/td>\n<td data-start=\"2190\" data-end=\"2242\" data-col-size=\"md\">Reconna\u00eet l\u2019esprit communautaire et le patrimoine insulaire.<\/td>\n<\/tr>\n<tr data-start=\"2243\" data-end=\"2333\">\n<td data-start=\"2243\" data-end=\"2264\" data-col-size=\"sm\"><strong data-start=\"2245\" data-end=\"2263\">Journ\u00e9e Louis Riel<\/strong><\/td>\n<td data-start=\"2264\" data-end=\"2275\" data-col-size=\"sm\">Manitoba<\/td>\n<td data-start=\"2275\" data-end=\"2333\" data-col-size=\"md\">Rend hommage au chef m\u00e9tis Louis Riel et \u00e0 l\u2019histoire autochtone.<\/td>\n<\/tr>\n<tr data-start=\"2334\" data-end=\"2424\">\n<td data-start=\"2334\" data-end=\"2354\" data-col-size=\"sm\"><strong data-start=\"2336\" data-end=\"2353\">Journ\u00e9e de la d\u00e9couverte<\/strong><\/td>\n<td data-start=\"2354\" data-end=\"2380\" data-col-size=\"sm\">Terre-Neuve-et-Labrador<\/td>\n<td data-start=\"2380\" data-end=\"2424\" data-col-size=\"md\">Marque l&#039;arriv\u00e9e de Jean Cabot en 1497.<\/td>\n<\/tr>\n<\/tbody>\n<\/table>\n<\/div>\n<\/div>\n<hr data-start=\"2426\" data-end=\"2429\" \/>\n<h2 data-start=\"2431\" data-end=\"2478\"><span class=\"ez-toc-section\" id=\"%F0%9F%8C%8E_Cultural_and_Multicultural_Celebrations\"><\/span>\ud83c\udf0e C\u00e9l\u00e9brations culturelles et multiculturelles<span class=\"ez-toc-section-end\"><\/span><\/h2>\n<p data-start=\"2480\" data-end=\"2592\">La force du Canada r\u00e9side dans son <strong data-start=\"2510\" data-end=\"2529\">mosa\u00efque culturelle<\/strong>, o\u00f9 les communaut\u00e9s c\u00e9l\u00e8brent c\u00f4te \u00e0 c\u00f4te les traditions mondiales.<\/p>\n<div class=\"_tableContainer_1rjym_1\">\n<div class=\"group _tableWrapper_1rjym_13 flex w-fit flex-col-reverse\" tabindex=\"-1\">\n<table class=\"w-fit min-w-(--thread-content-width)\" data-start=\"2594\" data-end=\"3700\">\n<thead data-start=\"2594\" data-end=\"2663\">\n<tr data-start=\"2594\" data-end=\"2663\">\n<th data-start=\"2594\" data-end=\"2612\" data-col-size=\"sm\"><strong data-start=\"2596\" data-end=\"2611\">C\u00e9l\u00e9bration<\/strong><\/th>\n<th data-start=\"2612\" data-end=\"2636\" data-col-size=\"sm\"><strong data-start=\"2614\" data-end=\"2635\">Communaut\u00e9 \/ Mois<\/strong><\/th>\n<th data-start=\"2636\" data-end=\"2663\" data-col-size=\"md\"><strong data-start=\"2638\" data-end=\"2661\">Comment c&#039;est c\u00e9l\u00e9br\u00e9<\/strong><\/th>\n<\/tr>\n<\/thead>\n<tbody data-start=\"2737\" data-end=\"3700\">\n<tr data-start=\"2737\" data-end=\"2887\">\n<td data-start=\"2737\" data-end=\"2775\" data-col-size=\"sm\"><strong data-start=\"2739\" data-end=\"2774\">Journ\u00e9e nationale des peuples autochtones<\/strong><\/td>\n<td data-start=\"2775\" data-end=\"2785\" data-col-size=\"sm\">21 juin<\/td>\n<td data-start=\"2785\" data-end=\"2887\" data-col-size=\"md\">Spectacles culturels, pow-wow et contes pour honorer les Premi\u00e8res Nations, les Inuits et les M\u00e9tis.<\/td>\n<\/tr>\n<tr data-start=\"2888\" data-end=\"3006\">\n<td data-start=\"2888\" data-end=\"2918\" data-col-size=\"sm\"><strong data-start=\"2890\" data-end=\"2917\">la Saint-Jean-Baptiste<\/strong><\/td>\n<td data-start=\"2918\" data-end=\"2937\" data-col-size=\"sm\">24 juin (Qu\u00e9bec)<\/td>\n<td data-start=\"2937\" data-end=\"3006\" data-col-size=\"md\">D\u00e9fil\u00e9s, concerts et feux de joie c\u00e9l\u00e9brant le patrimoine francophone.<\/td>\n<\/tr>\n<tr data-start=\"3007\" data-end=\"3123\">\n<td data-start=\"3007\" data-end=\"3043\" data-col-size=\"sm\"><strong data-start=\"3009\" data-end=\"3042\">Journ\u00e9e canadienne du multiculturalisme<\/strong><\/td>\n<td data-start=\"3043\" data-end=\"3053\" data-col-size=\"sm\">27 juin<\/td>\n<td data-start=\"3053\" data-end=\"3123\" data-col-size=\"md\">C\u00e9l\u00e9brer la diversit\u00e9 et l\u2019inclusion du Canada avec des \u00e9v\u00e9nements communautaires.<\/td>\n<\/tr>\n<tr data-start=\"3124\" data-end=\"3236\">\n<td data-start=\"3124\" data-end=\"3151\" data-col-size=\"sm\"><strong data-start=\"3126\" data-end=\"3150\">F\u00eate nationale des Acadiens<\/strong><\/td>\n<td data-start=\"3151\" data-end=\"3163\" data-col-size=\"sm\">15 ao\u00fbt<\/td>\n<td data-start=\"3163\" data-end=\"3236\" data-col-size=\"md\">Musique, nourriture et d\u00e9fil\u00e9s traditionnels \u00ab Tintamarre \u00bb dans les r\u00e9gions acadiennes.<\/td>\n<\/tr>\n<tr data-start=\"3237\" data-end=\"3360\">\n<td data-start=\"3237\" data-end=\"3260\" data-col-size=\"sm\"><strong data-start=\"3239\" data-end=\"3259\">Nouvel An chinois<\/strong><\/td>\n<td data-start=\"3260\" data-end=\"3282\" data-col-size=\"sm\">Janvier ou f\u00e9vrier<\/td>\n<td data-start=\"3282\" data-end=\"3360\" data-col-size=\"md\">Danses du dragon, lanternes et banquets festifs dans les quartiers chinois du Canada.<\/td>\n<\/tr>\n<tr data-start=\"3361\" data-end=\"3477\">\n<td data-start=\"3361\" data-end=\"3374\" data-col-size=\"sm\"><strong data-start=\"3363\" data-end=\"3373\">Diwali<\/strong><\/td>\n<td data-start=\"3374\" data-end=\"3396\" data-col-size=\"sm\">octobre ou novembre<\/td>\n<td data-start=\"3396\" data-end=\"3477\" data-col-size=\"md\">Les communaut\u00e9s sud-asiatiques c\u00e9l\u00e8brent avec des lumi\u00e8res, des bonbons et des r\u00e9unions de famille.<\/td>\n<\/tr>\n<tr data-start=\"3478\" data-end=\"3592\">\n<td data-start=\"3478\" data-end=\"3496\" data-col-size=\"sm\"><strong data-start=\"3480\" data-end=\"3495\">A\u00efd el-Fitr<\/strong><\/td>\n<td data-start=\"3496\" data-end=\"3514\" data-col-size=\"sm\">Suite au Ramadan<\/td>\n<td data-start=\"3514\" data-end=\"3592\" data-col-size=\"md\">Les familles musulmanes c\u00e9l\u00e8brent la fin du je\u00fbne par des f\u00eates et des pri\u00e8res communautaires.<\/td>\n<\/tr>\n<tr data-start=\"3593\" data-end=\"3700\">\n<td data-start=\"3593\" data-end=\"3608\" data-col-size=\"sm\"><strong data-start=\"3595\" data-end=\"3607\">Hanoukka<\/strong><\/td>\n<td data-start=\"3608\" data-end=\"3619\" data-col-size=\"sm\">D\u00e9cembre<\/td>\n<td data-start=\"3619\" data-end=\"3700\" data-col-size=\"md\">Les communaut\u00e9s juives allument la menorah et partagent des plats traditionnels comme les latkes.<\/td>\n<\/tr>\n<\/tbody>\n<\/table>\n<\/div>\n<\/div>\n<hr data-start=\"3702\" data-end=\"3705\" \/>\n<h2 data-start=\"3707\" data-end=\"3742\"><span class=\"ez-toc-section\" id=\"%F0%9F%95%AF%EF%B8%8F_Unique_Canadian_Traditions\"><\/span>\ud83d\udd6f\ufe0f Traditions canadiennes uniques<span class=\"ez-toc-section-end\"><\/span><\/h2>\n<div class=\"_tableContainer_1rjym_1\">\n<div class=\"group _tableWrapper_1rjym_13 flex w-fit flex-col-reverse\" tabindex=\"-1\">\n<table class=\"w-fit min-w-(--thread-content-width)\" data-start=\"3744\" data-end=\"4443\">\n<thead data-start=\"3744\" data-end=\"3801\">\n<tr data-start=\"3744\" data-end=\"3801\">\n<th data-start=\"3744\" data-end=\"3760\" data-col-size=\"sm\"><strong data-start=\"3746\" data-end=\"3759\">Tradition<\/strong><\/th>\n<th data-start=\"3760\" data-end=\"3782\" data-col-size=\"sm\"><strong data-start=\"3762\" data-end=\"3781\">R\u00e9gion \/ Origine<\/strong><\/th>\n<th data-start=\"3782\" data-end=\"3801\" data-col-size=\"md\"><strong data-start=\"3784\" data-end=\"3799\">Description<\/strong><\/th>\n<\/tr>\n<\/thead>\n<tbody data-start=\"3863\" data-end=\"4443\">\n<tr data-start=\"3863\" data-end=\"3980\">\n<td data-start=\"3863\" data-end=\"3888\" data-col-size=\"sm\"><strong data-start=\"3865\" data-end=\"3887\">Saison du sirop d&#039;\u00e9rable<\/strong><\/td>\n<td data-start=\"3888\" data-end=\"3906\" data-col-size=\"sm\">Qu\u00e9bec, Ontario<\/td>\n<td data-start=\"3906\" data-end=\"3980\" data-col-size=\"md\">Les festivals \u00ab Sugaring-off \u00bb c\u00e9l\u00e8brent la production de sirop d\u2019\u00e9rable chaque printemps.<\/td>\n<\/tr>\n<tr data-start=\"3981\" data-end=\"4092\">\n<td data-start=\"3981\" data-end=\"3998\" data-col-size=\"sm\"><strong data-start=\"3983\" data-end=\"3997\">Bal de Neige<\/strong><\/td>\n<td data-start=\"3998\" data-end=\"4007\" data-col-size=\"sm\">Ottawa<\/td>\n<td data-start=\"4007\" data-end=\"4092\" data-col-size=\"md\">Une c\u00e9l\u00e9bration de l&#039;hiver avec des sculptures de glace et du patinage sur le canal Rideau.<\/td>\n<\/tr>\n<tr data-start=\"4093\" data-end=\"4219\">\n<td data-start=\"4093\" data-end=\"4116\" data-col-size=\"sm\"><strong data-start=\"4095\" data-end=\"4115\">Stampede de Calgary<\/strong><\/td>\n<td data-start=\"4116\" data-end=\"4126\" data-col-size=\"sm\">Alberta<\/td>\n<td data-start=\"4126\" data-end=\"4219\" data-col-size=\"md\">Le \u00ab plus grand spectacle en plein air du monde \u00bb c\u00e9l\u00e8bre l\u2019h\u00e9ritage occidental avec des rod\u00e9os et des d\u00e9fil\u00e9s.<\/td>\n<\/tr>\n<tr data-start=\"4220\" data-end=\"4334\">\n<td data-start=\"4220\" data-end=\"4240\" data-col-size=\"sm\"><strong data-start=\"4222\" data-end=\"4239\">Course Terry Fox<\/strong><\/td>\n<td data-start=\"4240\" data-end=\"4253\" data-col-size=\"sm\">\u00c0 l&#039;\u00e9chelle nationale<\/td>\n<td data-start=\"4253\" data-end=\"4334\" data-col-size=\"md\">Course caritative annuelle en l&#039;honneur du Marathon de l&#039;espoir de Terry Fox pour la recherche sur le cancer.<\/td>\n<\/tr>\n<tr data-start=\"4335\" data-end=\"4443\">\n<td data-start=\"4335\" data-end=\"4357\" data-col-size=\"sm\"><strong data-start=\"4337\" data-end=\"4356\">Trempettes d&#039;ours polaires<\/strong><\/td>\n<td data-start=\"4357\" data-end=\"4382\" data-col-size=\"sm\">Nationwide (1er janvier)<\/td>\n<td data-start=\"4382\" data-end=\"4443\" data-col-size=\"md\">Des nageurs courageux sautent dans les eaux glac\u00e9es pour marquer la nouvelle ann\u00e9e.<\/td>\n<\/tr>\n<\/tbody>\n<\/table>\n<\/div>\n<\/div>\n<hr data-start=\"4445\" data-end=\"4448\" \/>\n<h2 data-start=\"4450\" data-end=\"4492\"><span class=\"ez-toc-section\" id=\"%E2%9D%A4%EF%B8%8F_The_Spirit_of_Canadian_Celebration\"><\/span>\u2764\ufe0f L&#039;esprit de la c\u00e9l\u00e9bration canadienne<span class=\"ez-toc-section-end\"><\/span><\/h2>\n<p data-start=\"4494\" data-end=\"4730\">Les vacances au Canada ne se r\u00e9sument pas seulement \u00e0 des jours de cong\u00e9, mais aussi \u00e0 <strong data-start=\"4555\" data-end=\"4579\">connexion communautaire<\/strong>. Que ce soit <strong data-start=\"4594\" data-end=\"4625\">partager un repas de Thanksgiving<\/strong>, <strong data-start=\"4627\" data-end=\"4652\">allumage des diyas de Diwali<\/strong>, ou <strong data-start=\"4657\" data-end=\"4687\">d\u00e9filer dans un d\u00e9fil\u00e9 de la fiert\u00e9<\/strong>Les Canadiens c\u00e9l\u00e8brent l\u2019unit\u00e9 dans la diversit\u00e9.<\/p>","protected":false},"excerpt":{"rendered":"<p>Canada\u2019s holidays and traditions reflect its multicultural heritage, rich history, and sense of community. From nationwide celebrations like Canada Day to regional festivals like Saint-Jean-Baptiste, Canadians mark the seasons with a blend of national pride, religious observance, and cultural diversity. \ud83c\udde8\ud83c\udde6 National Public Holidays in Canada Holiday Date Traditions and Activities New Year\u2019s Day January [&hellip;]<\/p>\n","protected":false},"author":1,"featured_media":2635,"comment_status":"closed","ping_status":"closed","sticky":false,"template":"","format":"standard","meta":{"_acf_changed":false,"footnotes":""},"categories":[917,916],"tags":[],"class_list":["post-2648","post","type-post","status-publish","format-standard","has-post-thumbnail","hentry","category-lifestyle","category-live-in-canada"],"acf":[],"yoast_head":"<!-- This site is optimized with the Yoast SEO plugin v27.4 - https:\/\/yoast.com\/product\/yoast-seo-wordpress\/ -->\n<title>Holidays and Traditions of Canada: National, Cultural, and Provincial Celebrations<\/title>\n<meta name=\"description\" content=\"Discover Canada\u2019s holidays and traditions \u2014 from national celebrations like Canada Day and Thanksgiving to cultural festivals like Diwali, Eid, and Saint-Jean-Baptiste Day. Learn how Canadians celebrate unity through diversity.\" \/>\n<meta name=\"robots\" content=\"index, follow, max-snippet:-1, max-image-preview:large, max-video-preview:-1\" \/>\n<link rel=\"canonical\" href=\"https:\/\/inspiringcanadians.com\/fr\/2025\/10\/18\/holidays-and-traditions-of-canada-celebrating-diversity-and-unity\/\" \/>\n<meta property=\"og:locale\" content=\"fr_CA\" \/>\n<meta property=\"og:type\" content=\"article\" \/>\n<meta property=\"og:title\" content=\"Holidays and Traditions of Canada: National, Cultural, and Provincial Celebrations\" \/>\n<meta property=\"og:description\" content=\"Discover Canada\u2019s holidays and traditions \u2014 from national celebrations like Canada Day and Thanksgiving to cultural festivals like Diwali, Eid, and Saint-Jean-Baptiste Day. Learn how Canadians celebrate unity through diversity.\" \/>\n<meta property=\"og:url\" content=\"https:\/\/inspiringcanadians.com\/fr\/2025\/10\/18\/holidays-and-traditions-of-canada-celebrating-diversity-and-unity\/\" \/>\n<meta property=\"og:site_name\" content=\"Inspiring Canadians\" \/>\n<meta property=\"article:published_time\" content=\"2025-10-18T15:19:57+00:00\" \/>\n<meta property=\"og:image\" content=\"https:\/\/inspiringcanadians.com\/wp-content\/uploads\/2025\/10\/isabel-pineiro-MJFBzRgEqEc-unsplash-scaled.jpg\" \/>\n\t<meta property=\"og:image:width\" content=\"2560\" \/>\n\t<meta property=\"og:image:height\" content=\"1696\" \/>\n\t<meta property=\"og:image:type\" content=\"image\/jpeg\" \/>\n<meta name=\"author\" content=\"tarek\" \/>\n<meta name=\"twitter:card\" content=\"summary_large_image\" \/>\n<meta name=\"twitter:label1\" content=\"\u00c9crit par\" \/>\n\t<meta name=\"twitter:data1\" content=\"tarek\" \/>\n\t<meta name=\"twitter:label2\" content=\"Estimation du temps de lecture\" \/>\n\t<meta name=\"twitter:data2\" content=\"3 minutes\" \/>\n<script type=\"application\/ld+json\" class=\"yoast-schema-graph\">{\"@context\":\"https:\\\/\\\/schema.org\",\"@graph\":[{\"@type\":\"Article\",\"@id\":\"https:\\\/\\\/inspiringcanadians.com\\\/2025\\\/10\\\/18\\\/holidays-and-traditions-of-canada-celebrating-diversity-and-unity\\\/#article\",\"isPartOf\":{\"@id\":\"https:\\\/\\\/inspiringcanadians.com\\\/2025\\\/10\\\/18\\\/holidays-and-traditions-of-canada-celebrating-diversity-and-unity\\\/\"},\"author\":{\"name\":\"tarek\",\"@id\":\"https:\\\/\\\/inspiringcanadians.com\\\/#\\\/schema\\\/person\\\/e5cad0bb99813fdd839fa8f24cdf9363\"},\"headline\":\"Holidays and Traditions of Canada: Celebrating Diversity and Unity\",\"datePublished\":\"2025-10-18T15:19:57+00:00\",\"mainEntityOfPage\":{\"@id\":\"https:\\\/\\\/inspiringcanadians.com\\\/2025\\\/10\\\/18\\\/holidays-and-traditions-of-canada-celebrating-diversity-and-unity\\\/\"},\"wordCount\":519,\"image\":{\"@id\":\"https:\\\/\\\/inspiringcanadians.com\\\/2025\\\/10\\\/18\\\/holidays-and-traditions-of-canada-celebrating-diversity-and-unity\\\/#primaryimage\"},\"thumbnailUrl\":\"https:\\\/\\\/inspiringcanadians.com\\\/wp-content\\\/uploads\\\/2025\\\/10\\\/isabel-pineiro-MJFBzRgEqEc-unsplash-scaled.jpg\",\"articleSection\":[\"Lifestyle\",\"Live in Canada\"],\"inLanguage\":\"fr-CA\"},{\"@type\":\"WebPage\",\"@id\":\"https:\\\/\\\/inspiringcanadians.com\\\/2025\\\/10\\\/18\\\/holidays-and-traditions-of-canada-celebrating-diversity-and-unity\\\/\",\"url\":\"https:\\\/\\\/inspiringcanadians.com\\\/2025\\\/10\\\/18\\\/holidays-and-traditions-of-canada-celebrating-diversity-and-unity\\\/\",\"name\":\"Holidays and Traditions of Canada: National, Cultural, and Provincial Celebrations\",\"isPartOf\":{\"@id\":\"https:\\\/\\\/inspiringcanadians.com\\\/#website\"},\"primaryImageOfPage\":{\"@id\":\"https:\\\/\\\/inspiringcanadians.com\\\/2025\\\/10\\\/18\\\/holidays-and-traditions-of-canada-celebrating-diversity-and-unity\\\/#primaryimage\"},\"image\":{\"@id\":\"https:\\\/\\\/inspiringcanadians.com\\\/2025\\\/10\\\/18\\\/holidays-and-traditions-of-canada-celebrating-diversity-and-unity\\\/#primaryimage\"},\"thumbnailUrl\":\"https:\\\/\\\/inspiringcanadians.com\\\/wp-content\\\/uploads\\\/2025\\\/10\\\/isabel-pineiro-MJFBzRgEqEc-unsplash-scaled.jpg\",\"datePublished\":\"2025-10-18T15:19:57+00:00\",\"author\":{\"@id\":\"https:\\\/\\\/inspiringcanadians.com\\\/#\\\/schema\\\/person\\\/e5cad0bb99813fdd839fa8f24cdf9363\"},\"description\":\"Discover Canada\u2019s holidays and traditions \u2014 from national celebrations like Canada Day and Thanksgiving to cultural festivals like Diwali, Eid, and Saint-Jean-Baptiste Day. Learn how Canadians celebrate unity through diversity.\",\"breadcrumb\":{\"@id\":\"https:\\\/\\\/inspiringcanadians.com\\\/2025\\\/10\\\/18\\\/holidays-and-traditions-of-canada-celebrating-diversity-and-unity\\\/#breadcrumb\"},\"inLanguage\":\"fr-CA\",\"potentialAction\":[{\"@type\":\"ReadAction\",\"target\":[\"https:\\\/\\\/inspiringcanadians.com\\\/2025\\\/10\\\/18\\\/holidays-and-traditions-of-canada-celebrating-diversity-and-unity\\\/\"]}]},{\"@type\":\"ImageObject\",\"inLanguage\":\"fr-CA\",\"@id\":\"https:\\\/\\\/inspiringcanadians.com\\\/2025\\\/10\\\/18\\\/holidays-and-traditions-of-canada-celebrating-diversity-and-unity\\\/#primaryimage\",\"url\":\"https:\\\/\\\/inspiringcanadians.com\\\/wp-content\\\/uploads\\\/2025\\\/10\\\/isabel-pineiro-MJFBzRgEqEc-unsplash-scaled.jpg\",\"contentUrl\":\"https:\\\/\\\/inspiringcanadians.com\\\/wp-content\\\/uploads\\\/2025\\\/10\\\/isabel-pineiro-MJFBzRgEqEc-unsplash-scaled.jpg\",\"width\":2560,\"height\":1696},{\"@type\":\"BreadcrumbList\",\"@id\":\"https:\\\/\\\/inspiringcanadians.com\\\/2025\\\/10\\\/18\\\/holidays-and-traditions-of-canada-celebrating-diversity-and-unity\\\/#breadcrumb\",\"itemListElement\":[{\"@type\":\"ListItem\",\"position\":1,\"name\":\"Home\",\"item\":\"https:\\\/\\\/inspiringcanadians.com\\\/home\\\/\"},{\"@type\":\"ListItem\",\"position\":2,\"name\":\"Holidays and Traditions of Canada: Celebrating Diversity and Unity\"}]},{\"@type\":\"WebSite\",\"@id\":\"https:\\\/\\\/inspiringcanadians.com\\\/#website\",\"url\":\"https:\\\/\\\/inspiringcanadians.com\\\/\",\"name\":\"Inspiring Canadians\",\"description\":\"Featuring, Empowering and Awarding Canadians\",\"potentialAction\":[{\"@type\":\"SearchAction\",\"target\":{\"@type\":\"EntryPoint\",\"urlTemplate\":\"https:\\\/\\\/inspiringcanadians.com\\\/?s={search_term_string}\"},\"query-input\":{\"@type\":\"PropertyValueSpecification\",\"valueRequired\":true,\"valueName\":\"search_term_string\"}}],\"inLanguage\":\"fr-CA\"},{\"@type\":\"Person\",\"@id\":\"https:\\\/\\\/inspiringcanadians.com\\\/#\\\/schema\\\/person\\\/e5cad0bb99813fdd839fa8f24cdf9363\",\"name\":\"tarek\",\"image\":{\"@type\":\"ImageObject\",\"inLanguage\":\"fr-CA\",\"@id\":\"https:\\\/\\\/secure.gravatar.com\\\/avatar\\\/2d2b95885d04a3d6f2ea2efc366419bfc75af7f324282a3c275d0f22578685c3?s=96&d=mm&r=g\",\"url\":\"https:\\\/\\\/secure.gravatar.com\\\/avatar\\\/2d2b95885d04a3d6f2ea2efc366419bfc75af7f324282a3c275d0f22578685c3?s=96&d=mm&r=g\",\"contentUrl\":\"https:\\\/\\\/secure.gravatar.com\\\/avatar\\\/2d2b95885d04a3d6f2ea2efc366419bfc75af7f324282a3c275d0f22578685c3?s=96&d=mm&r=g\",\"caption\":\"tarek\"},\"url\":\"https:\\\/\\\/inspiringcanadians.com\\\/fr\\\/author\\\/tarek\\\/\"}]}<\/script>\n<!-- \/ Yoast SEO plugin. -->","yoast_head_json":{"title":"F\u00eates et traditions du Canada : c\u00e9l\u00e9brations nationales, culturelles et provinciales","description":"D\u00e9couvrez les f\u00eates et traditions canadiennes \u2014 des c\u00e9l\u00e9brations nationales comme la f\u00eate du Canada et l&#039;Action de gr\u00e2ce aux festivals culturels comme Diwali, l&#039;A\u00efd et la Saint-Jean-Baptiste. D\u00e9couvrez comment les Canadiens c\u00e9l\u00e8brent l&#039;unit\u00e9 par la diversit\u00e9.","robots":{"index":"index","follow":"follow","max-snippet":"max-snippet:-1","max-image-preview":"max-image-preview:large","max-video-preview":"max-video-preview:-1"},"canonical":"https:\/\/inspiringcanadians.com\/fr\/2025\/10\/18\/holidays-and-traditions-of-canada-celebrating-diversity-and-unity\/","og_locale":"fr_CA","og_type":"article","og_title":"Holidays and Traditions of Canada: National, Cultural, and Provincial Celebrations","og_description":"Discover Canada\u2019s holidays and traditions \u2014 from national celebrations like Canada Day and Thanksgiving to cultural festivals like Diwali, Eid, and Saint-Jean-Baptiste Day. Learn how Canadians celebrate unity through diversity.","og_url":"https:\/\/inspiringcanadians.com\/fr\/2025\/10\/18\/holidays-and-traditions-of-canada-celebrating-diversity-and-unity\/","og_site_name":"Inspiring Canadians","article_published_time":"2025-10-18T15:19:57+00:00","og_image":[{"width":2560,"height":1696,"url":"https:\/\/inspiringcanadians.com\/wp-content\/uploads\/2025\/10\/isabel-pineiro-MJFBzRgEqEc-unsplash-scaled.jpg","type":"image\/jpeg"}],"author":"tarek","twitter_card":"summary_large_image","twitter_misc":{"\u00c9crit par":"tarek","Estimation du temps de lecture":"3 minutes"},"schema":{"@context":"https:\/\/schema.org","@graph":[{"@type":"Article","@id":"https:\/\/inspiringcanadians.com\/2025\/10\/18\/holidays-and-traditions-of-canada-celebrating-diversity-and-unity\/#article","isPartOf":{"@id":"https:\/\/inspiringcanadians.com\/2025\/10\/18\/holidays-and-traditions-of-canada-celebrating-diversity-and-unity\/"},"author":{"name":"tarek","@id":"https:\/\/inspiringcanadians.com\/#\/schema\/person\/e5cad0bb99813fdd839fa8f24cdf9363"},"headline":"Holidays and Traditions of Canada: Celebrating Diversity and Unity","datePublished":"2025-10-18T15:19:57+00:00","mainEntityOfPage":{"@id":"https:\/\/inspiringcanadians.com\/2025\/10\/18\/holidays-and-traditions-of-canada-celebrating-diversity-and-unity\/"},"wordCount":519,"image":{"@id":"https:\/\/inspiringcanadians.com\/2025\/10\/18\/holidays-and-traditions-of-canada-celebrating-diversity-and-unity\/#primaryimage"},"thumbnailUrl":"https:\/\/inspiringcanadians.com\/wp-content\/uploads\/2025\/10\/isabel-pineiro-MJFBzRgEqEc-unsplash-scaled.jpg","articleSection":["Lifestyle","Live in Canada"],"inLanguage":"fr-CA"},{"@type":"WebPage","@id":"https:\/\/inspiringcanadians.com\/2025\/10\/18\/holidays-and-traditions-of-canada-celebrating-diversity-and-unity\/","url":"https:\/\/inspiringcanadians.com\/2025\/10\/18\/holidays-and-traditions-of-canada-celebrating-diversity-and-unity\/","name":"F\u00eates et traditions du Canada : c\u00e9l\u00e9brations nationales, culturelles et provinciales","isPartOf":{"@id":"https:\/\/inspiringcanadians.com\/#website"},"primaryImageOfPage":{"@id":"https:\/\/inspiringcanadians.com\/2025\/10\/18\/holidays-and-traditions-of-canada-celebrating-diversity-and-unity\/#primaryimage"},"image":{"@id":"https:\/\/inspiringcanadians.com\/2025\/10\/18\/holidays-and-traditions-of-canada-celebrating-diversity-and-unity\/#primaryimage"},"thumbnailUrl":"https:\/\/inspiringcanadians.com\/wp-content\/uploads\/2025\/10\/isabel-pineiro-MJFBzRgEqEc-unsplash-scaled.jpg","datePublished":"2025-10-18T15:19:57+00:00","author":{"@id":"https:\/\/inspiringcanadians.com\/#\/schema\/person\/e5cad0bb99813fdd839fa8f24cdf9363"},"description":"D\u00e9couvrez les f\u00eates et traditions canadiennes \u2014 des c\u00e9l\u00e9brations nationales comme la f\u00eate du Canada et l&#039;Action de gr\u00e2ce aux festivals culturels comme Diwali, l&#039;A\u00efd et la Saint-Jean-Baptiste. D\u00e9couvrez comment les Canadiens c\u00e9l\u00e8brent l&#039;unit\u00e9 par la diversit\u00e9.","breadcrumb":{"@id":"https:\/\/inspiringcanadians.com\/2025\/10\/18\/holidays-and-traditions-of-canada-celebrating-diversity-and-unity\/#breadcrumb"},"inLanguage":"fr-CA","potentialAction":[{"@type":"ReadAction","target":["https:\/\/inspiringcanadians.com\/2025\/10\/18\/holidays-and-traditions-of-canada-celebrating-diversity-and-unity\/"]}]},{"@type":"ImageObject","inLanguage":"fr-CA","@id":"https:\/\/inspiringcanadians.com\/2025\/10\/18\/holidays-and-traditions-of-canada-celebrating-diversity-and-unity\/#primaryimage","url":"https:\/\/inspiringcanadians.com\/wp-content\/uploads\/2025\/10\/isabel-pineiro-MJFBzRgEqEc-unsplash-scaled.jpg","contentUrl":"https:\/\/inspiringcanadians.com\/wp-content\/uploads\/2025\/10\/isabel-pineiro-MJFBzRgEqEc-unsplash-scaled.jpg","width":2560,"height":1696},{"@type":"BreadcrumbList","@id":"https:\/\/inspiringcanadians.com\/2025\/10\/18\/holidays-and-traditions-of-canada-celebrating-diversity-and-unity\/#breadcrumb","itemListElement":[{"@type":"ListItem","position":1,"name":"Home","item":"https:\/\/inspiringcanadians.com\/home\/"},{"@type":"ListItem","position":2,"name":"Holidays and Traditions of Canada: Celebrating Diversity and Unity"}]},{"@type":"WebSite","@id":"https:\/\/inspiringcanadians.com\/#website","url":"https:\/\/inspiringcanadians.com\/","name":"Inspirer les Canadiens","description":"Mettre en valeur, responsabiliser et r\u00e9compenser les Canadiens","potentialAction":[{"@type":"SearchAction","target":{"@type":"EntryPoint","urlTemplate":"https:\/\/inspiringcanadians.com\/?s={search_term_string}"},"query-input":{"@type":"PropertyValueSpecification","valueRequired":true,"valueName":"search_term_string"}}],"inLanguage":"fr-CA"},{"@type":"Person","@id":"https:\/\/inspiringcanadians.com\/#\/schema\/person\/e5cad0bb99813fdd839fa8f24cdf9363","name":"Tarek","image":{"@type":"ImageObject","inLanguage":"fr-CA","@id":"https:\/\/secure.gravatar.com\/avatar\/2d2b95885d04a3d6f2ea2efc366419bfc75af7f324282a3c275d0f22578685c3?s=96&d=mm&r=g","url":"https:\/\/secure.gravatar.com\/avatar\/2d2b95885d04a3d6f2ea2efc366419bfc75af7f324282a3c275d0f22578685c3?s=96&d=mm&r=g","contentUrl":"https:\/\/secure.gravatar.com\/avatar\/2d2b95885d04a3d6f2ea2efc366419bfc75af7f324282a3c275d0f22578685c3?s=96&d=mm&r=g","caption":"tarek"},"url":"https:\/\/inspiringcanadians.com\/fr\/author\/tarek\/"}]}},"_links":{"self":[{"href":"https:\/\/inspiringcanadians.com\/fr\/wp-json\/wp\/v2\/posts\/2648","targetHints":{"allow":["GET"]}}],"collection":[{"href":"https:\/\/inspiringcanadians.com\/fr\/wp-json\/wp\/v2\/posts"}],"about":[{"href":"https:\/\/inspiringcanadians.com\/fr\/wp-json\/wp\/v2\/types\/post"}],"author":[{"embeddable":true,"href":"https:\/\/inspiringcanadians.com\/fr\/wp-json\/wp\/v2\/users\/1"}],"replies":[{"embeddable":true,"href":"https:\/\/inspiringcanadians.com\/fr\/wp-json\/wp\/v2\/comments?post=2648"}],"version-history":[{"count":2,"href":"https:\/\/inspiringcanadians.com\/fr\/wp-json\/wp\/v2\/posts\/2648\/revisions"}],"predecessor-version":[{"id":2657,"href":"https:\/\/inspiringcanadians.com\/fr\/wp-json\/wp\/v2\/posts\/2648\/revisions\/2657"}],"wp:featuredmedia":[{"embeddable":true,"href":"https:\/\/inspiringcanadians.com\/fr\/wp-json\/wp\/v2\/media\/2635"}],"wp:attachment":[{"href":"https:\/\/inspiringcanadians.com\/fr\/wp-json\/wp\/v2\/media?parent=2648"}],"wp:term":[{"taxonomy":"category","embeddable":true,"href":"https:\/\/inspiringcanadians.com\/fr\/wp-json\/wp\/v2\/categories?post=2648"},{"taxonomy":"post_tag","embeddable":true,"href":"https:\/\/inspiringcanadians.com\/fr\/wp-json\/wp\/v2\/tags?post=2648"}],"curies":[{"name":"wp","href":"https:\/\/api.w.org\/{rel}","templated":true}]}}